{"id":160,"date":"2011-03-10T21:44:52","date_gmt":"2011-03-10T21:44:52","guid":{"rendered":"https:\/\/www.uskolavrsac.edu.rs\/blog\/?p=160"},"modified":"2011-03-10T21:54:37","modified_gmt":"2011-03-10T21:54:37","slug":"filmovi-o-mentalnom-zdravlju","status":"publish","type":"post","link":"https:\/\/www.uskolavrsac.edu.rs\/blog\/?p=160","title":{"rendered":"Filmovi o mentalnom zdravlju"},"content":{"rendered":"<p style=\"text-align: center;\"><strong>\u00a0<a href=\"https:\/\/www.uskolavrsac.edu.rs\/blog\/wp-content\/uploads\/2011\/03\/Velika-lubenica.png\"><img loading=\"lazy\" decoding=\"async\" class=\"alignleft size-full wp-image-166\" title=\"Velika lubenica\" src=\"https:\/\/www.uskolavrsac.edu.rs\/blog\/wp-content\/uploads\/2011\/03\/Velika-lubenica.png\" alt=\"\" width=\"245\" height=\"256\" \/><\/a><\/strong><em><strong>Velika lubenica<\/strong> <\/em><\/p>\n<p>\u00a0\u00a0\u00a0\u00a0\u00a0\u00a0\u00a0\u00a0\u00a0\u00a0\u00a0 (<strong>Il Grande Cocomero<\/strong>, Italija, 1993, 106 min).<br \/>\n\u00a0\u00a0\u00a0\u00a0\u00a0\u00a0\u00a0\u00a0\u00a0\u00a0\u00a0 <strong>Re\u017eija<\/strong>: Fran\u010deska Arkibu\u0111i (Franceska Archibugi).<br \/>\n\u00a0\u00a0\u00a0\u00a0\u00a0\u00a0\u00a0\u00a0\u00a0\u00a0\u00a0\u00a0<strong>Uloge: <\/strong>Ser\u0111o<strong> <\/strong>Kastelito<strong> (<\/strong>Sergio Castellitto), Ana Galiena (Anna Galiena) i Alesia Fugardi ( Alessia Fugardi)&#8230;<br \/>\n\u00a0\u00a0\u00a0\u00a0\u00a0\u00a0\u00a0\u00a0\u00a0\u00a0\u00a0 <em>Film je inspirisan iskustvom Marka Lombarda Radi\u010dea, eksperimentalnog neuropsihijatra za inovativne terapije u le\u010denju psiholo\u0161kih smetnji maloletnih osoba. Valentina, dvanaestogodi\u0161njakinja koju zovu Pipi, posle epilepti\u010dnog napada biva sme\u0161tena na neuropsihijatriju, de\u010dje odeljenje. Arturo, mladi psihijatar, prima devoj\u010dicu na le\u010denje u poku\u0161aju da je vrati u normalno stanje i da je dovede do izle\u010denja, do otkri\u0107a \u201evelike lubenice&#8220; (il grande cocomero), do bolje budu\u0107nosti o kojoj je toliko sanjao i protagonista poznatog stripa \u201ePeanuts&#8220;. Film je nagra\u0111en presti\u017enom nagradom David di Donatello za najbolji film, za najboljeg glumca (Ser\u0111o Kastelito), kao i za najbolji scenario (Fran\u010deska Arkibu\u0111i).<\/em><\/p>\n<p style=\"text-align: center;\">\u00a0<em><a href=\"https:\/\/www.uskolavrsac.edu.rs\/blog\/wp-content\/uploads\/2011\/03\/Posebna-tisina.png\"><img loading=\"lazy\" decoding=\"async\" class=\"alignleft size-full wp-image-165\" title=\"Posebna tisina\" src=\"https:\/\/www.uskolavrsac.edu.rs\/blog\/wp-content\/uploads\/2011\/03\/Posebna-tisina.png\" alt=\"\" width=\"231\" height=\"289\" \/><\/a><strong>P<\/strong><\/em><strong><em>osebna ti\u0161ina<\/em><\/strong><\/p>\n<p>\u00a0\u00a0\u00a0\u00a0\u00a0\u00a0\u00a0\u00a0\u00a0\u00a0\u00a0 (<strong>U<\/strong><strong>n<\/strong><strong> S<\/strong><strong>ilenzio<\/strong><strong> P<\/strong><strong>articolare<\/strong>, Italija, 2004, 74 min)<br \/>\n\u00a0\u00a0\u00a0\u00a0\u00a0\u00a0\u00a0\u00a0\u00a0\u00a0\u00a0 Dokumentarni film\u00a0\u00a0<br \/>\n\u00a0\u00a0\u00a0\u00a0\u00a0\u00a0\u00a0\u00a0\u00a0\u00a0\u00a0 <strong>Re\u017eija<\/strong>: Stefano Ruli (Stefano Rulli).<br \/>\n\u00a0\u00a0\u00a0\u00a0\u00a0\u00a0\u00a0\u00a0\u00a0\u00a0\u00a0 <strong>U<\/strong><strong>loge<\/strong>: Mateo Ruli (Matteo Rulli), Stefano Ruli (Stefano Rulli) i Klara Sereni (Clara Sereni)&#8230;<\/p>\n<p>\u00a0\u00a0\u00a0\u00a0\u00a0\u00a0\u00a0\u00a0\u00a0\u00a0\u00a0 <em>Pri\u010da o Mateu, koji ima psihi\u010dkih smetnji, o njegovim roditeljima, Klari i Stefanu, i o njihovoj odluci da otvore agroturizam Grad sunca, grad u kome svako nalazi mest<\/em><em>o<\/em><em> za sebe, u kome svi imaju prava <\/em><em>da <\/em><em>borav<\/em><em>e<\/em><em> i \u017eive. Od slika malog Matea sve do otvaranja projekta njegovih roditelja, radnja oslikava te\u0161ko \u017eivotno iskustvo, u znaku te\u0161kih odluka, zadovoljstava i patnje. <strong>Nagrade i festivali:\u00a0 David di Donatello 2005. najbolji dokumentarac,\u00a0 Italian National Syndicate of Film Journalists 2006. &#8211; posebno priznanje, ancouver International Film Festival, 2005.-najbolji dokumentarni film, Venice Film Festival, 2004. FEDIC Award. <\/strong><\/em><\/p>\n<p style=\"text-align: center;\"><strong><em>Eho<\/em><\/strong>\u00a0<a href=\"https:\/\/www.uskolavrsac.edu.rs\/blog\/wp-content\/uploads\/2011\/03\/Eho.png\"><img loading=\"lazy\" decoding=\"async\" class=\"alignleft size-full wp-image-161\" title=\"Eho\" src=\"https:\/\/www.uskolavrsac.edu.rs\/blog\/wp-content\/uploads\/2011\/03\/Eho.png\" alt=\"\" width=\"280\" height=\"192\" \/><\/a><\/p>\n<p>\u00a0\u00a0\u00a0\u00a0\u00a0\u00a0\u00a0\u00a0\u00a0\u00a0\u00a0 (Srbija, 2007, 65 min)<br \/>\n\u00a0\u00a0\u00a0\u00a0\u00a0\u00a0\u00a0\u00a0\u00a0\u00a0\u00a0 Dokumentarni film<br \/>\n\u00a0\u00a0\u00a0\u00a0\u00a0\u00a0\u00a0\u00a0\u00a0\u00a0\u00a0 <strong>Ideja i scenario<\/strong>: Ivana Lali\u0107<br \/>\n\u00a0\u00a0\u00a0\u00a0\u00a0\u00a0\u00a0\u00a0\u00a0\u00a0\u00a0 <strong>Re\u017eija<\/strong>: Marko Popovi\u0107<br \/>\n\u00a0\u00a0\u00a0\u00a0\u00a0\u00a0\u00a0\u00a0\u00a0\u00a0\u00a0 <strong>Producent<\/strong>: Lazar Lali\u0107<\/p>\n<p>\u00a0\u00a0\u00a0\u00a0\u00a0\u00a0\u00a0\u00a0\u00a0\u00a0\u00a0 <em>Film prikazuje srpko dru\u0161tvo i dr\u017eavu danas kroz prizmu jedne specifi\u010dne institucije \u2013 psihijatrijske bolnice ,,Dr Laza Lazarevi\u0107\u201d. Naime, krajem 20. veka, ljudi u Srbiji suo\u010deni su sa velikom dru\u0161tvenom i ekonomskom krizom, raspadom dr\u017eave, ratovima. Sve to ostavilo je dubok trag na psihofizi\u010dko zdravlje naroda. Film \u201cEho\u201d poku\u0161ava da poka\u017ee da je u takvom vremenu, u kojem su sve vrednosti dovedene u pitanje, i u kojem za obi\u010dnog \u010doveka normalan \u017eivot staje, veoma te\u0161ko odgovoriti \u0161ta je zdravo, a \u0161ta bolesno. Da li su bolesni ljudi koji se nalaze u psihijatrijskoj bolnici, ili kreatori na\u0161e dru\u0161tvene i politi\u010dke stvarnosti? Film prati grupu od nekoliko psihijatrijskih bolesnica i njihovo vi\u0111enje sveta, odnosa, emocija, kao i njihovu borbu da se uklju\u010de u dru\u0161tveno prihva\u0107eno poimanje realnosti, koja je u Srbiji 2007. godine nestabilna i poreme\u0107ena. Paralelno sa ovom dimenzijom, u filmu se vidi i kako pacijentkinje formiraju sopstveni svet unutar same bolnice ,,Dr Laza Lazarevi\u0107\u2019\u2019 kroz pripremanje jedne pozori\u0161ne predstave i njeno <\/em><em>izvo\u0111enje<\/em><em> pred celom bolnicom i gostima. <\/em><\/p>\n<p style=\"text-align: center;\">\u00a0<strong><em>Klju\u010devi od ku\u0107e<\/em><\/strong>\u00a0<a href=\"https:\/\/www.uskolavrsac.edu.rs\/blog\/wp-content\/uploads\/2011\/03\/Kljucevi-od-kuce.png\"><img loading=\"lazy\" decoding=\"async\" class=\"alignleft size-medium wp-image-163\" title=\"Kljucevi od kuce\" src=\"https:\/\/www.uskolavrsac.edu.rs\/blog\/wp-content\/uploads\/2011\/03\/Kljucevi-od-kuce-226x300.png\" alt=\"\" width=\"226\" height=\"300\" srcset=\"https:\/\/www.uskolavrsac.edu.rs\/blog\/wp-content\/uploads\/2011\/03\/Kljucevi-od-kuce-226x300.png 226w, https:\/\/www.uskolavrsac.edu.rs\/blog\/wp-content\/uploads\/2011\/03\/Kljucevi-od-kuce.png 241w\" sizes=\"auto, (max-width: 226px) 100vw, 226px\" \/><\/a><\/p>\n<p>\u00a0\u00a0\u00a0\u00a0\u00a0\u00a0\u00a0\u00a0\u00a0\u00a0\u00a0 (Le Chiavi Di Casa, Italija, 2004, 105 min)<br \/>\n\u00a0\u00a0\u00a0\u00a0\u00a0\u00a0\u00a0\u00a0\u00a0\u00a0\u00a0 <strong>Re\u017eija<\/strong>: \u0110ani Amelio (Gianni Amelio).<br \/>\n\u00a0\u00a0\u00a0\u00a0\u00a0\u00a0\u00a0\u00a0\u00a0\u00a0\u00a0 <strong>Uloge<\/strong>: Kim Rosi Stuart (Kim Rossi Stuart), \u0160arlot Rempling (Charlotte Rampling), Andrea Rosi (Andrea Rossi), Ala Faerovi\u010d (Alla Faerovich) i Pjerfran\u010desko Favino (Pierfrancesco Favino)&#8230;<\/p>\n<p>\u00a0\u00a0\u00a0\u00a0\u00a0\u00a0\u00a0\u00a0\u00a0\u00a0\u00a0 \u0110ani je izgubio suprugu na poro\u0111aju. On odbija svoje dete koje se rodilo s invaliditetom. Sada mu se vra\u0107a i vodi ga u Nema\u010dku na pregled kod specijalista.<\/p>\n<p>Put i boravak u Nema\u010dkoj im ostavljaju prostora za bolje upoznavanje i bolje me\u0111usobno razumevanje. \u0110ani uvi\u0111a koliko je sin Paolo preosetljiv. Jedna od poruka filma ogleda se i u re\u010dima \u0160arlote Rempling <strong><em>\u010cinilo mi se kao da se stidite svog sina<\/em><\/strong><em>.<\/em> Nije sramota voleti nekog ko nam ne pru\u017ea nikakvu sigurnost. Mo\u017eda je to su\u0161tina prave ljubavi. Film je snimljen po knjizi \u0110uzepea Ponti\u0111ea, <strong><em>Dvaput ro\u0111eni<\/em><\/strong>.<\/p>\n<p style=\"text-align: center;\"><strong><em>Kasnimo, Ivo<\/em><\/strong><a href=\"https:\/\/www.uskolavrsac.edu.rs\/blog\/wp-content\/uploads\/2011\/03\/kasnimo-Ivo.png\"><img loading=\"lazy\" decoding=\"async\" class=\"alignleft size-medium wp-image-162\" title=\"kasnimo Ivo\" src=\"https:\/\/www.uskolavrsac.edu.rs\/blog\/wp-content\/uploads\/2011\/03\/kasnimo-Ivo-226x300.png\" alt=\"\" width=\"226\" height=\"300\" srcset=\"https:\/\/www.uskolavrsac.edu.rs\/blog\/wp-content\/uploads\/2011\/03\/kasnimo-Ivo-226x300.png 226w, https:\/\/www.uskolavrsac.edu.rs\/blog\/wp-content\/uploads\/2011\/03\/kasnimo-Ivo.png 238w\" sizes=\"auto, (max-width: 226px) 100vw, 226px\" \/><\/a><\/p>\n<p>\u00a0\u00a0\u00a0\u00a0\u00a0\u00a0\u00a0\u00a0\u00a0\u00a0\u00a0 (Ivo Il Tardivo, Italija, 1995, 105 min)<br \/>\n\u00a0\u00a0\u00a0\u00a0\u00a0\u00a0\u00a0\u00a0\u00a0\u00a0\u00a0 <strong>Re\u017eija<\/strong>: Alesandro Benvenuti (Alessandro Benvenuti).<br \/>\n\u00a0\u00a0\u00a0\u00a0\u00a0\u00a0\u00a0\u00a0\u00a0\u00a0\u00a0 <strong>Uloge<\/strong>: Alesandro Benvenuti (Alessandro Benvenuti), Fran\u010deska Neri (Francesca Neri), David Bekini (Davide Bechini), Luka Fa\u0111oli (Luca Fagioli), Fran\u010desko Kazale (Francesco Casale)&#8230;<\/p>\n<p>\u00a0\u00a0\u00a0\u00a0\u00a0\u00a0\u00a0\u00a0\u00a0\u00a0\u00a0 <em>Po\u0161to je iza\u0161ao iz du\u0161evne bolnice, \u010detrdesetogodi\u0161njak Ivo vra\u0107a se sam u napu\u0161tenu roditeljsku ku\u0107u, zaljubljuje se u Saru, psihijatra, i pravi brdo problema. Uspeva da iskoristi svoj prirodni talenat za slikanje i sastavljanje rebusa, sprijateljuje se s kvaretetom jo\u0161 \u010detvorice ludaka. Izra\u0111uje prelepe murale za \u0161kolske posete me\u0161tana. Psihi\u010dka bolest vi\u0111ena kao neka vrsta normalne ekscentri\u010dnosti. Ova neobi\u010dna, zabavna, bolna komedija s bajkovitom dinamikom otvorena je za nova tuma\u010denja. <\/em><\/p>\n<p style=\"text-align: center;\"><strong><em>\u00a0<\/em><\/strong><strong><em>\u00a0<\/em><\/strong><\/p>\n<p style=\"text-align: center;\"><strong><em>Osmi dan<\/em><\/strong>\u00a0<a href=\"https:\/\/www.uskolavrsac.edu.rs\/blog\/wp-content\/uploads\/2011\/03\/Osmi-dan.png\"><img loading=\"lazy\" decoding=\"async\" class=\"alignleft size-medium wp-image-164\" title=\"Osmi dan\" src=\"https:\/\/www.uskolavrsac.edu.rs\/blog\/wp-content\/uploads\/2011\/03\/Osmi-dan-246x300.png\" alt=\"\" width=\"246\" height=\"300\" srcset=\"https:\/\/www.uskolavrsac.edu.rs\/blog\/wp-content\/uploads\/2011\/03\/Osmi-dan-246x300.png 246w, https:\/\/www.uskolavrsac.edu.rs\/blog\/wp-content\/uploads\/2011\/03\/Osmi-dan.png 269w\" sizes=\"auto, (max-width: 246px) 100vw, 246px\" \/><\/a><\/p>\n<p>\u00a0\u00a0\u00a0\u00a0\u00a0\u00a0\u00a0\u00a0\u00a0\u00a0\u00a0\u00a0\u00a0\u00a0\u00a0\u00a0\u00a0\u00a0\u00a0\u00a0\u00a0\u00a0\u00a0 (<strong>Le huiti\u00e8me jour<\/strong>, Francuska, 1996, 112 min)<br \/>\n\u00a0\u00a0\u00a0\u00a0\u00a0\u00a0\u00a0\u00a0\u00a0\u00a0\u00a0\u00a0\u00a0\u00a0\u00a0\u00a0\u00a0\u00a0\u00a0\u00a0\u00a0\u00a0\u00a0 <strong>Re\u017eija<\/strong>: Jaco van Dormael.<br \/>\n\u00a0\u00a0\u00a0\u00a0\u00a0\u00a0\u00a0\u00a0\u00a0\u00a0\u00a0\u00a0\u00a0\u00a0\u00a0\u00a0\u00a0\u00a0\u00a0\u00a0\u00a0\u00a0\u00a0 <strong>Scenario<\/strong>:\u00a0 Jaco van Dormael.<br \/>\n\u00a0\u00a0\u00a0\u00a0\u00a0\u00a0\u00a0\u00a0\u00a0\u00a0\u00a0\u00a0\u00a0\u00a0\u00a0\u00a0\u00a0\u00a0\u00a0\u00a0\u00a0\u00a0\u00a0 <strong>Uloge<\/strong>: Pascal Duquenne, Daniel Auteuil, Miou-Miou&#8230;<\/p>\n<p>\u00a0\u00a0\u00a0\u00a0\u00a0\u00a0\u00a0\u00a0\u00a0\u00a0\u00a0\u00a0\u00a0\u00a0\u00a0\u00a0\u00a0\u00a0\u00a0\u00a0\u00a0\u00a0\u00a0 <em>D\u017eord\u017e<strong> <\/strong>(Pascal Duquenne) ima Daunov sindrom i \u017eivi u mentalnoj instituciji. Hari (Daniel Auteuil) je biznismen koji dr\u017ei predavanja mladim, uspe\u0161nim biznismenima. On je prodavac koji radi za veliku korporaciju u kojoj ostvaruje izuzetan uspeh, ali njegov privatni \u017eivot trpi zbog toga. Supruga mu je frustrirana zbog toga \u0161to on zanemaruje porodicu, pa je odlu\u010dila da se razvede i sa sobom odvodi njihovo dvoje dece. Ovog vikenda mu deca dolaze u posetu, ali budu\u0107i da je on jako zauzet poslom, zaboravi\u0107e da ih pokupi na \u017eelezni\u010dkoj stanici. Sada vi\u0161e ni \u017eena ni deca ne \u017eele da ga vide, pa on tako besan seda u kola da se provoza. Za dlaku je izbegao da zgazi D\u017eord\u017ea, koji je pobegao iz mentalne ustanove jer su svi oti\u0161li negde sa svojim porodicama, sem njega koji nije imao sa kim da ode jer mu je majka umrla. Hari poku\u0161ava da se otarasi D\u017eord\u017ea, ali D\u017eord\u017e ne \u017eeli da napusti svog novog prijatelja. Na kraju \u0107e se me\u0111u njima stvoriti jedan poseban odnos, jedno lepo prijateljstvo koje \u0107e Harija u\u010diniti boljim \u010dovekom. <\/em><\/p>\n<p><em>Izvori:\u00a0 <a href=\"http:\/\/www.creemaginet.com\/sajt\/neverovatne-price-neprimetnih-zivota-i-pametnik-u-dksg\">http:\/\/www.creemaginet.com\/sajt\/neverovatne-price-neprimetnih-zivota-i-pametnik-u-dksg<\/a>\u00a0i\u00a0<\/em><em><a href=\"http:\/\/www.caritas.rs\/mentalno-zdravlje-7.html\">http:\/\/www.caritas.rs\/mentalno-zdravlje-7.html<\/a>,<\/em><\/p>\n","protected":false},"excerpt":{"rendered":"<p>Predlog filmova o mentalnom zdravlju, uz detaljan opis&#8230; <span style=\"color:#777\"> . . . <\/p>\n","protected":false},"author":1,"featured_media":0,"comment_status":"open","ping_status":"open","sticky":false,"template":"","format":"standard","meta":{"footnotes":""},"categories":[22,23,21,26,5,3,4,6],"tags":[27,24],"class_list":["post-160","post","type-post","status-publish","format-standard","hentry","category-kisbojan","category-drtnedimovic","category-mentalnozdravlje","category-nekapitanja","category-predmeti","category-profesori","category-studenti","category-teme","tag-film","tag-mentalno-zdravlje","odd"],"_links":{"self":[{"href":"https:\/\/www.uskolavrsac.edu.rs\/blog\/index.php?rest_route=\/wp\/v2\/posts\/160","targetHints":{"allow":["GET"]}}],"collection":[{"href":"https:\/\/www.uskolavrsac.edu.rs\/blog\/index.php?rest_route=\/wp\/v2\/posts"}],"about":[{"href":"https:\/\/www.uskolavrsac.edu.rs\/blog\/index.php?rest_route=\/wp\/v2\/types\/post"}],"author":[{"embeddable":true,"href":"https:\/\/www.uskolavrsac.edu.rs\/blog\/index.php?rest_route=\/wp\/v2\/users\/1"}],"replies":[{"embeddable":true,"href":"https:\/\/www.uskolavrsac.edu.rs\/blog\/index.php?rest_route=%2Fwp%2Fv2%2Fcomments&post=160"}],"version-history":[{"count":6,"href":"https:\/\/www.uskolavrsac.edu.rs\/blog\/index.php?rest_route=\/wp\/v2\/posts\/160\/revisions"}],"predecessor-version":[{"id":170,"href":"https:\/\/www.uskolavrsac.edu.rs\/blog\/index.php?rest_route=\/wp\/v2\/posts\/160\/revisions\/170"}],"wp:attachment":[{"href":"https:\/\/www.uskolavrsac.edu.rs\/blog\/index.php?rest_route=%2Fwp%2Fv2%2Fmedia&parent=160"}],"wp:term":[{"taxonomy":"category","embeddable":true,"href":"https:\/\/www.uskolavrsac.edu.rs\/blog\/index.php?rest_route=%2Fwp%2Fv2%2Fcategories&post=160"},{"taxonomy":"post_tag","embeddable":true,"href":"https:\/\/www.uskolavrsac.edu.rs\/blog\/index.php?rest_route=%2Fwp%2Fv2%2Ftags&post=160"}],"curies":[{"name":"wp","href":"https:\/\/api.w.org\/{rel}","templated":true}]}}