{"id":2206,"date":"2011-06-01T21:04:33","date_gmt":"2011-06-01T21:04:33","guid":{"rendered":"https:\/\/www.uskolavrsac.edu.rs\/blog\/?p=2206"},"modified":"2011-06-01T21:04:33","modified_gmt":"2011-06-01T21:04:33","slug":"citati-pedagoga-2","status":"publish","type":"post","link":"https:\/\/www.uskolavrsac.edu.rs\/blog\/?p=2206","title":{"rendered":"Citati pedagoga"},"content":{"rendered":"<p style=\"text-align: center;\"><em><strong>Jan Amos Komenski<\/strong><\/em><\/p>\n<p><img loading=\"lazy\" decoding=\"async\" class=\"alignleft size-thumbnail wp-image-2214\" src=\"https:\/\/www.uskolavrsac.edu.rs\/blog\/wp-content\/uploads\/2011\/05\/464px-Johann_Amos_Comenius4-150x150.jpg\" alt=\"\" width=\"150\" height=\"150\" \/><\/p>\n<p style=\"text-align: left;\">&#8222;Evo mi dospeli, koji samo sebe smatramo za ljude, vas decu za male majmune, samo sebe za pametne, vas za nerazumne, samo sebe za re\u010dite, vas \u00a0za nemu\u0161te smo otkazani za va\u0161e \u0161kole! Vi ste nam dani za u\u010ditelje va\u0161e \u010dini na\u0161im za ideal i uzor&#8220; .<\/p>\n<p style=\"text-align: left;\">&#8222;Dajte nama valjane majke, pa \u0107emo dati valjane gra\u0111ane&#8220;.<\/p>\n<p style=\"text-align: left;\">\u00a0<\/p>\n<p style=\"text-align: left;\">\u00a0<\/p>\n<p style=\"text-align: left;\">\u00a0<\/p>\n<p style=\"text-align: center;\"><em><strong>Elena Kej<\/strong><\/em><\/p>\n<p style=\"text-align: left;\"><a href=\"https:\/\/www.uskolavrsac.edu.rs\/blog\/wp-content\/uploads\/2011\/05\/ElenaKej4.jpg\"><img loading=\"lazy\" decoding=\"async\" class=\"alignleft size-thumbnail wp-image-2212\" src=\"https:\/\/www.uskolavrsac.edu.rs\/blog\/wp-content\/uploads\/2011\/05\/ElenaKej4-150x150.jpg\" alt=\"\" width=\"150\" height=\"150\" \/><\/a> &#8222;\u0160kola ima samo jedan veliki \u00a0cilj: da sama sebe u\u010dini izli\u0161nom, da dopusti da zavlada \u017eivot i sre\u0107a &#8211; to \u0107e me\u0111u ostalim re\u0107i samoradnja &#8211; \u00a0 namjesto \u00a0sistema i \u0161ema&#8220;.<\/p>\n<p style=\"text-align: left;\">&#8222;Jedino sredstvo, da se ozbiljna i sve obimnija surovost &#8211; a time i klsna razlika &#8211; ukloni, jeste da deca jedne zemlje do 15. godine u\u017eivaju istu \u0161kolsku \u00a0nastavu. Ali, ova \u0161kola morala bi da se oslobodi crkvenog uticaja i obaveznosti polaganja ispita.<\/p>\n<p style=\"text-align: left;\">\u00a0<\/p>\n<p>\u00a0<\/p>\n<p style=\"text-align: center;\"><em><strong>Makarenko <\/strong><\/em><\/p>\n<p style=\"text-align: left;\"><a href=\"https:\/\/www.uskolavrsac.edu.rs\/blog\/wp-content\/uploads\/2011\/05\/Makarenko4.jpg\"><img loading=\"lazy\" decoding=\"async\" class=\"alignleft size-thumbnail wp-image-2213\" src=\"https:\/\/www.uskolavrsac.edu.rs\/blog\/wp-content\/uploads\/2011\/05\/Makarenko4-150x150.jpg\" alt=\"\" width=\"150\" height=\"150\" \/><\/a> &#8222;Svaka porodica se odlikuje svojstvenim \u017eivotom i \u017eivotnim uslovima, svaka porodica je du\u017ena da samostalno re\u0161ava pedago\u0161ke zadatke.&#8220;<\/p>\n<p style=\"text-align: left;\">&#8222;Sudbina deteta koje je li\u0161eno o\u010deve ili materine ljubavi nije samo njegova li\u010dna tragedija. Dete osaka\u0107eno time \u0161to je odba\u010deno, napu\u0161teno, \u010desto \u00a0je u budu\u0107nosti \u010dovek nepotpune vrednosti. Prema tome, o\u010devi i majke koji napu\u0161taju svoju decu vr\u0161e akt podlosti prema dru\u0161tvu.&#8220;<\/p>\n<p style=\"text-align: left;\">\u00a0<\/p>\n<p>\u00a0Literatura:<\/p>\n<ol>\n<li>Nikola M. Potkonjak ( 2003): XX vek: Ni vek deteta ni vek pedagogije ima nade&#8230; XXI vek Novi Sad, savez pedago\u0161kih dru\u0161tava Vojvodine.<\/li>\n<li>Radovan Grandi\u0107 (2007): Prilozi porodi\u010dnoj pedagogiji, savez pedago\u0161kih dru\u0161tava Vojvodine, Novi Sad.<\/li>\n<li>Radovan Grandi\u0107 (2007): Prilozi uvodu u pedagogiju, savez pedago\u0161kih disciplina Vojvodine, Novi Sad.<\/li>\n<\/ol>\n","protected":false},"excerpt":{"rendered":"<p style=\"text-align: center;\">Jan Amos Komenski<\/p>\n<\/p>\n<p style=\"text-align: left;\">&#8222;Evo mi dospeli, koji samo sebe smatramo za ljude, vas decu za male majmune, samo sebe za pametne, vas za nerazumne, samo sebe za re\u010dite, vas za nemu\u0161te smo otkazani za va\u0161e \u0161kole! Vi ste nam dani za u\u010ditelje va\u0161e \u010dini na\u0161im za ideal i uzor&#8220; .<\/p>\n<p> <span style=\"color:#777\"> . . . <\/p>\n","protected":false},"author":35,"featured_media":0,"comment_status":"open","ping_status":"open","sticky":false,"template":"","format":"standard","meta":{"footnotes":""},"categories":[138,308,137,5,3,4],"tags":[],"class_list":["post-2206","post","type-post","status-publish","format-standard","hentry","category-b-vujasin","category-k-brndusic","category-pedagoske-teorije","category-predmeti","category-profesori","category-studenti","odd"],"_links":{"self":[{"href":"https:\/\/www.uskolavrsac.edu.rs\/blog\/index.php?rest_route=\/wp\/v2\/posts\/2206","targetHints":{"allow":["GET"]}}],"collection":[{"href":"https:\/\/www.uskolavrsac.edu.rs\/blog\/index.php?rest_route=\/wp\/v2\/posts"}],"about":[{"href":"https:\/\/www.uskolavrsac.edu.rs\/blog\/index.php?rest_route=\/wp\/v2\/types\/post"}],"author":[{"embeddable":true,"href":"https:\/\/www.uskolavrsac.edu.rs\/blog\/index.php?rest_route=\/wp\/v2\/users\/35"}],"replies":[{"embeddable":true,"href":"https:\/\/www.uskolavrsac.edu.rs\/blog\/index.php?rest_route=%2Fwp%2Fv2%2Fcomments&post=2206"}],"version-history":[{"count":4,"href":"https:\/\/www.uskolavrsac.edu.rs\/blog\/index.php?rest_route=\/wp\/v2\/posts\/2206\/revisions"}],"predecessor-version":[{"id":2598,"href":"https:\/\/www.uskolavrsac.edu.rs\/blog\/index.php?rest_route=\/wp\/v2\/posts\/2206\/revisions\/2598"}],"wp:attachment":[{"href":"https:\/\/www.uskolavrsac.edu.rs\/blog\/index.php?rest_route=%2Fwp%2Fv2%2Fmedia&parent=2206"}],"wp:term":[{"taxonomy":"category","embeddable":true,"href":"https:\/\/www.uskolavrsac.edu.rs\/blog\/index.php?rest_route=%2Fwp%2Fv2%2Fcategories&post=2206"},{"taxonomy":"post_tag","embeddable":true,"href":"https:\/\/www.uskolavrsac.edu.rs\/blog\/index.php?rest_route=%2Fwp%2Fv2%2Ftags&post=2206"}],"curies":[{"name":"wp","href":"https:\/\/api.w.org\/{rel}","templated":true}]}}