{"id":2311,"date":"2011-06-08T22:28:10","date_gmt":"2011-06-08T22:28:10","guid":{"rendered":"https:\/\/www.uskolavrsac.edu.rs\/blog\/?p=2311"},"modified":"2011-06-08T22:28:10","modified_gmt":"2011-06-08T22:28:10","slug":"razvoj-intelekta","status":"publish","type":"post","link":"https:\/\/www.uskolavrsac.edu.rs\/blog\/?p=2311","title":{"rendered":"Razvoj intelekta"},"content":{"rendered":"<p class=\"MsoNormal\" style=\"text-align: justify;\"><span style=\"font-size: 12.0pt; line-height: 115%;\">Najvi\u0161e pa\u017enje razvoju intelekta na\u0161e dece treba da posvetimo u najranijem periodu odrastanja.<br \/>\nIpak ve\u0107ina roditelja i pored velike volje ne zna odakle da po\u010dne ni koji su to \u201ealati\u201c za razvoj de\u010dijeg intelekta.<br \/>\nOvim pitanjima se godinama bavi Mensa Srbije &#8211; centar za talente Nikola Tesla.<\/span><\/p>\n<p class=\"MsoNormal\" style=\"text-align: justify;\"><span style=\"font-size: 12.0pt; line-height: 115%;\">Ciljevi Mense su da prepozna i pomogne razvoj inteligencije, ohrabri istra\u017eivanje njene prirode, kao i stvaranje stimulativnog, intelektualnog i dru\u0161tvenog okru\u017eenja za svoje \u010dlanove. <\/span><span style=\"font-size: 12.0pt; line-height: 115%;\"><a href=\"http:\/\/www.mensa.rs\/\" target=\"_blank\">http:\/\/www.mensa.rs\/<\/a><\/span><\/p>\n<p class=\"MsoNormal\" style=\"text-align: justify;\">\u00a0<\/p>\n<p class=\"MsoNormal\" style=\"text-align: justify;\"><span style=\"font-size: 12.0pt; line-height: 115%;\">Nakon dugogodi\u0161njeg iskustva u radu sa darovitim ljudima i decom, dr Ranko Rajovi\u0107, \u010dlan borda direktora svetske Mense za darovitu decu, svoje znanje preto\u010dio je u Program za podsticanje darovitosti i ranu detekciju darovite dece.<\/span><\/p>\n<p class=\"MsoNormal\" style=\"text-align: justify;\"><span style=\"font-size: 12.0pt; line-height: 115%;\"><a href=\"http:\/\/www.mensa.rs\/sr\/sigovi\/ntc\/sistem-ucenja\/prvi-deo\/\" target=\"_blank\">http:\/\/www.mensa.rs\/sr\/sigovi\/ntc\/sistem-ucenja\/prvi-deo\/<\/a> <\/span><\/p>\n<p class=\"MsoNormal\" style=\"text-align: justify;\">\u00a0<\/p>\n<p class=\"MsoNormal\" style=\"text-align: justify;\"><span style=\"font-size: 12.0pt; line-height: 115%;\">Za sada se Program mo\u017ee primeniti na decu pred\u0161kolskog uzrasta ali u pripremi i je i drugi deo koji se odnosi na decu \u0161kolskog uzrasta koji \u0107e obra\u0111ivati temu sistema i organizacije u\u010denja.<\/span><\/p>\n<p class=\"MsoNormal\" style=\"text-align: justify;\"><span style=\"font-size: 12.0pt; line-height: 115%;\"><br \/>\nProgram za podsticanje darovitosti i ranu detekciju darovite dece se primenjuje u republikama biv\u0161e SFRJ i 8 zemalja Evropske Unije. To je ujedno i prvi put da se u saradnji sa nau<\/span><span style=\"font-size: 12.0pt; line-height: 115%;\">\u010d<\/span><span style=\"font-size: 12.0pt; line-height: 115%;\">nim institucijama detektuju i prate darovita deca, ali i da se prate u<\/span><span style=\"font-size: 12.0pt; line-height: 115%;\">\u010d<\/span><span style=\"font-size: 12.0pt; line-height: 115%;\">inci programa na deci koja su u njemu u\u010destvovala.<\/span><\/p>\n<p class=\"MsoNormal\" style=\"text-align: justify;\"><span style=\"font-size: 12.0pt; line-height: 115%;\">Ovaj program je osmi<\/span><span style=\"font-size: 12.0pt; line-height: 115%;\">\u0161<\/span><span style=\"font-size: 12.0pt; line-height: 115%;\">ljen da podsti<\/span><span style=\"font-size: 12.0pt; line-height: 115%;\">\u010d<\/span><span style=\"font-size: 12.0pt; line-height: 115%;\">e darovitu decu i prepoznaje talente. Jedan od ciljeva ovog programa je stvaranje sve vi<\/span><span style=\"font-size: 12.0pt; line-height: 115%;\">\u0161<\/span><span style=\"font-size: 12.0pt; line-height: 115%;\">e sinapsi u mozgu deteta u<\/span><span style=\"font-size: 12.0pt; line-height: 115%;\">\u010d<\/span><span style=\"font-size: 12.0pt; line-height: 115%;\">e\u0107i ga da logi<\/span><span style=\"font-size: 12.0pt; line-height: 115%;\">\u010d<\/span><span style=\"font-size: 12.0pt; line-height: 115%;\">ki razmi<\/span><span style=\"font-size: 12.0pt; line-height: 115%;\">\u0161<\/span><span style=\"font-size: 12.0pt; line-height: 115%;\">lja i zaklju<\/span><span style=\"font-size: 12.0pt; line-height: 115%;\">\u010d<\/span><span style=\"font-size: 12.0pt; line-height: 115%;\">uje, kroz komunikaciju koja to podsti<\/span><span style=\"font-size: 12.0pt; line-height: 115%;\">\u010d<\/span><span style=\"font-size: 12.0pt; line-height: 115%;\">e.<\/span><\/p>\n<p class=\"MsoNormal\" style=\"text-align: justify;\"><span style=\"font-size: 12.0pt; line-height: 115%;\">Literatura: <\/span><\/p>\n<p class=\"MsoNormal\" style=\"text-align: justify;\"><span style=\"font-size: 12.0pt; line-height: 115%;\"><a href=\"http:\/\/www.stil-magazin.com\/clanak\/broj-114-2-mart-2009\/kako-nastaju-buduci-genijalci\" target=\"_blank\">http:\/\/www.stil-magazin.com\/clanak\/broj-114-2-mart-2009\/kako-nastaju-buduci-genijalci <\/a><\/span><\/p>\n<p class=\"MsoNormal\" style=\"text-align: justify;\"><span style=\"font-size: 12.0pt; line-height: 115%;\">\u00a0<\/span><\/p>\n","protected":false},"excerpt":{"rendered":"<p>Istra\u017eivanja pokazuju da na razvoj intelekta deteta najvi\u0161e mo\u017eemo uticati od tre\u0107e do sedme, i ne\u0161to manje do dvanaeste godine&#8230; <span style=\"color:#777\"> . . . <\/p>\n","protected":false},"author":4,"featured_media":0,"comment_status":"open","ping_status":"open","sticky":false,"template":"","format":"standard","meta":{"footnotes":""},"categories":[200,199,5,9,4,6],"tags":[272,273],"class_list":["post-2311","post","type-post","status-publish","format-standard","hentry","category-darovitost-teme","category-j-jovkovic","category-predmeti","category-racunariuvoradu","category-studenti","category-teme","tag-mensa","tag-program","odd"],"_links":{"self":[{"href":"https:\/\/www.uskolavrsac.edu.rs\/blog\/index.php?rest_route=\/wp\/v2\/posts\/2311","targetHints":{"allow":["GET"]}}],"collection":[{"href":"https:\/\/www.uskolavrsac.edu.rs\/blog\/index.php?rest_route=\/wp\/v2\/posts"}],"about":[{"href":"https:\/\/www.uskolavrsac.edu.rs\/blog\/index.php?rest_route=\/wp\/v2\/types\/post"}],"author":[{"embeddable":true,"href":"https:\/\/www.uskolavrsac.edu.rs\/blog\/index.php?rest_route=\/wp\/v2\/users\/4"}],"replies":[{"embeddable":true,"href":"https:\/\/www.uskolavrsac.edu.rs\/blog\/index.php?rest_route=%2Fwp%2Fv2%2Fcomments&post=2311"}],"version-history":[{"count":3,"href":"https:\/\/www.uskolavrsac.edu.rs\/blog\/index.php?rest_route=\/wp\/v2\/posts\/2311\/revisions"}],"predecessor-version":[{"id":2767,"href":"https:\/\/www.uskolavrsac.edu.rs\/blog\/index.php?rest_route=\/wp\/v2\/posts\/2311\/revisions\/2767"}],"wp:attachment":[{"href":"https:\/\/www.uskolavrsac.edu.rs\/blog\/index.php?rest_route=%2Fwp%2Fv2%2Fmedia&parent=2311"}],"wp:term":[{"taxonomy":"category","embeddable":true,"href":"https:\/\/www.uskolavrsac.edu.rs\/blog\/index.php?rest_route=%2Fwp%2Fv2%2Fcategories&post=2311"},{"taxonomy":"post_tag","embeddable":true,"href":"https:\/\/www.uskolavrsac.edu.rs\/blog\/index.php?rest_route=%2Fwp%2Fv2%2Ftags&post=2311"}],"curies":[{"name":"wp","href":"https:\/\/api.w.org\/{rel}","templated":true}]}}