{"id":3362,"date":"2012-01-17T23:02:00","date_gmt":"2012-01-17T23:02:00","guid":{"rendered":"https:\/\/www.uskolavrsac.edu.rs\/blog\/?p=3362"},"modified":"2012-01-17T23:02:00","modified_gmt":"2012-01-17T23:02:00","slug":"istorijat-samerhila","status":"publish","type":"post","link":"https:\/\/www.uskolavrsac.edu.rs\/blog\/?p=3362","title":{"rendered":"Istorijat Samerhila"},"content":{"rendered":"<p style=\"text-align: justify;\">&nbsp;&nbsp;&nbsp;&nbsp;&nbsp;&nbsp;&nbsp;&nbsp;&nbsp;&nbsp; Samerhil je osnovan 1921. godine u Hellerau (okolina Drezdena). Bio je deo internacionalne &scaron;kole <em>Neue Schule<\/em>.<em> <\/em>Zajedno sa Frau Neustatter, kasnije svojom prvom \u017eenom, Nil seli svoju &scaron;kolu u Sonntagsberg u Austriji, ali je lokalno katoli\u010dko stanovni&scaron;tvo nije prihvatilo. Do 1923. godine Nil se preselio u Lyme Rigis na jugu Engleske u ku\u0107u zvanu Samerhil, gde po\u010dinje&nbsp;da radi sa svega pet u\u010denika. &Scaron;kola je nastavila sa radom do 1927. godine kada je preseljena na dana&scaron;nju <a href=\"http:\/\/www.summerhill90.com\/getting_there.php\" target=\"_blank\">lokaciju Leisen <\/a>u selo Suffoik sa sobom nose\u0107i ime Samerhil. Nil je nastavio da vodi &scaron;kolu sa gospo\u0111om Lins, do evakuacije u Efestiniog (Wels) zbog rata. Gospo\u0111a Lins se kasnije razbolela i umrla. Nil se kasnije o\u017eenio Enom Woff koja je radila u &scaron;koli. Posle rata vra\u0107aju se Samerhilu koji je bio razru&scaron;en i u to vreme kori&scaron;\u0107en u vojne svrhe.<\/p>\n<p style=\"text-align: justify;\">&nbsp;<a href=\"https:\/\/www.uskolavrsac.edu.rs\/blog\/wp-content\/uploads\/2012\/01\/horizontalbooks_FORWEB-950x435.jpg\"><img loading=\"lazy\" decoding=\"async\" alt=\"\" class=\"alignleft size-medium wp-image-3402\" height=\"137\" src=\"https:\/\/www.uskolavrsac.edu.rs\/blog\/wp-content\/uploads\/2012\/01\/horizontalbooks_FORWEB-950x435-300x137.jpg\" style=\"width: 352px; height: 145px;\" width=\"300\" srcset=\"https:\/\/www.uskolavrsac.edu.rs\/blog\/wp-content\/uploads\/2012\/01\/horizontalbooks_FORWEB-950x435-300x137.jpg 300w, https:\/\/www.uskolavrsac.edu.rs\/blog\/wp-content\/uploads\/2012\/01\/horizontalbooks_FORWEB-950x435-400x183.jpg 400w, https:\/\/www.uskolavrsac.edu.rs\/blog\/wp-content\/uploads\/2012\/01\/horizontalbooks_FORWEB-950x435.jpg 950w\" sizes=\"auto, (max-width: 300px) 100vw, 300px\" \/><\/a><\/p>\n<p style=\"text-align: justify;\">&nbsp;&nbsp;&nbsp;&nbsp;&nbsp;&nbsp;&nbsp;&nbsp;&nbsp; &Scaron;kola je nastavila da bude kontraverzna zbog svojih ideja, a neki su je opisivali kao &quot;radi &scaron;ta ti se ho\u0107e&quot; &scaron;kola. Pedesetih godina Samerhil je do\u017eiveo najve\u0107i pad. Stvari su izgledale lo&scaron;e, broj u\u010denika je bio svega 25. U to vreme Nilu je pomagao izdava\u010d iz USA Harold Hart. Zajedni\u010dkim snagama izdali su knjigu &quot;Samerhi &#8211; radikalan pristup detinjstvu&quot;. Knjiga je u Americi bila pun pogodak i ubrzo je postala bestseler na nacionalnom nivou. Izdata je i u UK i mnogim drugim zemljama i stvari su po\u010dele&nbsp; da idu u korist Samerhila. Broj u\u010denika se pove\u0107ao. Mnogi su dolazili iz USA privu\u010deni sve\u017eim pristupom &scaron;kole. Privukla je mnogo posetilaca sa raznih strana. Posle nekog vremena Nilu i zajednici dosadio je publicitet i oni su se ponovo povukli u ti&scaron;inu. Nil je u svojim poslednjim danima \u017eivota uzimao manje aktivnu ulogu u aktivnostima &scaron;kole, ali je i dalje ostajao u okviru svih de&scaron;avanja. Godine 1973. njegovo zdravlje se pogor&scaron;alo i biva sme&scaron;ten u lokalnu bolnicu gde je i umro 23.09.1973. godine. Ena je nastavila da vodi &scaron;kolu do njenog penzionisanja 1985. godine, kada je njihova \u0107erka Zoe, sada&scaron;nji glavni u\u010ditelj, preuzela.<\/p>\n<p style=\"text-align: justify;\"><a href=\"http:\/\/www.summerhillschool.co.uk\/pages\/history.html\" target=\"_blank\">http:\/\/www.summerhillschool.co.uk\/pages\/history.html<\/a><\/p>\n","protected":false},"excerpt":{"rendered":"<p style=\"text-align: justify;\">&nbsp;&nbsp;&nbsp;&nbsp;&nbsp;&nbsp;&nbsp;&nbsp;&nbsp;&nbsp; Samerhil je osnovan 1921. godine u Hellerau (okolina Drezdena). Bio je deo internacionalne &scaron;kole Neue Schule. Zajedno sa Frau Neustatter, kasnije svojom prvom \u017eenom, Nil seli svoju &scaron;kolu u Sonntagsberg u Austriji, ali je lokalno katoli\u010dko stanovni&scaron;tvo nije prihvatilo. Do 1923. godine Nil se preselio u Lyme Rigis na jugu Engleske u <span style=\"color:#777\"> . . . <\/p>\n","protected":false},"author":47,"featured_media":0,"comment_status":"open","ping_status":"open","sticky":false,"template":"","format":"standard","meta":{"footnotes":""},"categories":[379,5,9,378,4,6],"tags":[],"class_list":["post-3362","post","type-post","status-publish","format-standard","hentry","category-i-milunov","category-predmeti","category-racunariuvoradu","category-samerhil","category-studenti","category-teme","odd"],"_links":{"self":[{"href":"https:\/\/www.uskolavrsac.edu.rs\/blog\/index.php?rest_route=\/wp\/v2\/posts\/3362","targetHints":{"allow":["GET"]}}],"collection":[{"href":"https:\/\/www.uskolavrsac.edu.rs\/blog\/index.php?rest_route=\/wp\/v2\/posts"}],"about":[{"href":"https:\/\/www.uskolavrsac.edu.rs\/blog\/index.php?rest_route=\/wp\/v2\/types\/post"}],"author":[{"embeddable":true,"href":"https:\/\/www.uskolavrsac.edu.rs\/blog\/index.php?rest_route=\/wp\/v2\/users\/47"}],"replies":[{"embeddable":true,"href":"https:\/\/www.uskolavrsac.edu.rs\/blog\/index.php?rest_route=%2Fwp%2Fv2%2Fcomments&post=3362"}],"version-history":[{"count":16,"href":"https:\/\/www.uskolavrsac.edu.rs\/blog\/index.php?rest_route=\/wp\/v2\/posts\/3362\/revisions"}],"predecessor-version":[{"id":3503,"href":"https:\/\/www.uskolavrsac.edu.rs\/blog\/index.php?rest_route=\/wp\/v2\/posts\/3362\/revisions\/3503"}],"wp:attachment":[{"href":"https:\/\/www.uskolavrsac.edu.rs\/blog\/index.php?rest_route=%2Fwp%2Fv2%2Fmedia&parent=3362"}],"wp:term":[{"taxonomy":"category","embeddable":true,"href":"https:\/\/www.uskolavrsac.edu.rs\/blog\/index.php?rest_route=%2Fwp%2Fv2%2Fcategories&post=3362"},{"taxonomy":"post_tag","embeddable":true,"href":"https:\/\/www.uskolavrsac.edu.rs\/blog\/index.php?rest_route=%2Fwp%2Fv2%2Ftags&post=3362"}],"curies":[{"name":"wp","href":"https:\/\/api.w.org\/{rel}","templated":true}]}}