{"id":3718,"date":"2013-04-08T15:43:18","date_gmt":"2013-04-08T15:43:18","guid":{"rendered":"https:\/\/www.uskolavrsac.edu.rs\/blog\/?p=3718"},"modified":"2013-04-08T15:44:55","modified_gmt":"2013-04-08T15:44:55","slug":"konflikti","status":"publish","type":"post","link":"https:\/\/www.uskolavrsac.edu.rs\/blog\/?p=3718","title":{"rendered":"Konflikti"},"content":{"rendered":"<div style=\"background: white; text-align: justify; line-height: normal;\">&nbsp;<\/div>\n<div style=\"background: white; text-align: justify; line-height: normal;\"><span style=\"font-size: 12px;\"><b><span style=\"color: rgb(34, 34, 34);\">Jelena Smiljani\u0107<\/span><\/b><\/span><\/div>\n<div style=\"background: white; text-align: justify; line-height: normal;\"><span style=\"font-size: 12px;\"><b>&nbsp;<\/b><\/span><\/div>\n<div style=\"background: white; text-align: justify; line-height: normal;\"><span style=\"font-size: 12px;\"><span style=\"color: rgb(34, 34, 34);\">Po<\/span><span style=\"color: rgb(34, 34, 34);\"> definiciji,&nbsp;<b>konflikt je bilo koja situacija u kojoj dve ili vi&scaron;e strana smatraju da imaju me\u0111usobno inkompatibilne ciljeve<\/b>, tj. to je sukob nespojivih ili te\u017ee spojivih tendencija i delovanja.&nbsp;&nbsp;<\/span><\/span><\/div>\n<div style=\"background: white; text-align: justify; line-height: normal;\"><span style=\"font-size: 12px;\"><span style=\"color: rgb(34, 34, 34);\"><br \/>\n\tKonflikti predstavljaju normalnu pojavu u dru&scaron;tvu koje po&scaron;tuje razli\u010ditosti me\u0111u ljudima, njihovu individualnost, identitet i li\u010dnost. Konflikt je znak da se sagovornici me\u0111usobno slu&scaron;aju i uti\u010du jedno na drugog, tj. znak kvalitetnog razgovora koji nam poma\u017ee da stvorimo sopstveno mi&scaron;ljenje i stavove. Konflikt ne bi trebalo izbegavati i potiskivati jer \u0107e to dovesti do poja\u010dane razdra\u017eljivosti, me\u0111usobne netrpeljivosti, slabe saradnje, a utro&scaron;i\u0107e i velike koli\u010dine na&scaron;e psihi\u010dke energije, te \u0107emo postati umorni, a mogu\u0107e su i posledice na psihosomatskom planu.&nbsp;<\/p>\n<p>\tZato je va\u017eno na konflikt gledati kao na ne&scaron;to korisno, a ne &scaron;tetno,&nbsp;jer nam poma\u017ee da uo\u010dimo problem i br\u017ee prona\u0111emo re&scaron;enje. Konflikt aktivira na&scaron; mozak, podi\u017ee adrenalin, zahteva odre\u0111eni napor. Kroz konflikt mi spoznajemo i sami sebe, ponekad razbijamo iluziju koju imamo o nama, \u010dine nas realnijima. Dolazi do promena, jer naj\u010de&scaron;\u0107e tek nakon konflikata menjamo stavove, pona&scaron;anje i navike&#8230;&nbsp;<\/p>\n<p>\tPo efektima do kojih dovode, konflikti se mogu podeliti na&nbsp;<b>funkcionalne<\/b>&nbsp;(dovode do konstruktivnih promena u odnosima me\u0111u pojedincima, grupama, pove\u0107avaju efikasnost i sl) i&nbsp;<b>nefunkcionalne<\/b>&nbsp;(dovode do stagnacije, pogor&scaron;anja odnosa, nasilja i sl). Svaki konflikt ima potencijal da bude funkcionalan ili ne, a &scaron;ta \u0107e biti zavisi pre svega od stavova i reakcija u\u010desnika u konfliktu. Va\u017eno je imati na umu da u svakoj konfliktnoj situaciji imamo mogu\u0107nost da biramo kojim \u0107emo putem krenuti. Uspehom se zato mo\u017ee smatrati konstruktivni postupak sa konfliktom. Problem nije u konfliktima, ve\u0107 u na\u010dinu njihovog re&scaron;avanja. \u017divot bez konflikata i rasprava nije mogu\u0107, ali je mogu\u0107e u\u010denje ve&scaron;tine uspe&scaron;nog i humanog postupanja u konfliktnoj situaciji me\u0111u ljudima, odnosno, sticanje komunikacijskih ve&scaron;tina.<\/span><\/span><\/div>\n<div style=\"margin: 0cm -1.7pt 0pt 0cm; text-align: justify; line-height: normal;\"><span style=\"font-size: 10px;\">&nbsp;<\/span><\/div>\n<div style=\"margin: 0cm -1.7pt 0pt 0cm; text-align: justify; line-height: normal;\"><span style=\"font-size: 10px;\"><b>Kori&scaron;\u0107ena literatura<\/b><\/span><\/div>\n<div style=\"margin: 0cm -1.7pt 0pt 0cm; text-align: justify; line-height: normal;\">&nbsp;<\/div>\n<div style=\"margin: 0cm -1.7pt 0pt 36pt; text-align: justify; line-height: normal; text-indent: -18pt;\"><span style=\"font-size: 10px;\">&middot;<span new=\"\" times=\"\">&nbsp;&nbsp;&nbsp;&nbsp;&nbsp;&nbsp;&nbsp;&nbsp; <\/span>Braj&scaron;a, P. (1996). <i>Umije\u0107e sva\u0111anja. <\/i>C.A.S.H., Pula.<\/span><\/div>\n<div style=\"margin: 0cm 0cm 0pt 36pt; text-align: justify; line-height: normal; text-indent: -18pt;\"><span style=\"font-size: 10px;\">&middot;<span new=\"\" times=\"\">&nbsp;&nbsp;&nbsp;&nbsp;&nbsp;&nbsp;&nbsp;&nbsp; <\/span><span style=\"background: white;\">Ili\u0107 S., Krsti\u0107 A., Stojilovi\u0107 I., &Scaron;peh Vujadinovi\u0107 S., Tribojevi\u0107 V., Trivun\u010di\u0107 B., Vidakovi\u0107 I., Vujadinovi\u0107 B. (2008). <b>&nbsp;<\/b><i>Socijalne ve&scaron;tine<\/i>. Centar za demokratiju i pomirenje u Jugoisto\u010dnoj Evropi \/ IAN Me\u0111unarodna mre\u017ea pomo\u0107i, Beograd.<\/span><\/span><\/div>\n<div style=\"margin: 0cm -1.7pt 0pt 36pt; text-align: justify; line-height: normal;\"><span style=\"font-size: 10px;\"><b>&nbsp;<\/b><\/span><\/div>\n<div style=\"margin: 0cm -1.7pt 0pt 0cm; text-align: justify; line-height: normal;\"><span style=\"font-size: 10px;\"><b>&nbsp;<\/b><\/span><\/div>\n<div style=\"margin: 0cm -1.7pt 0pt 18pt; text-align: justify; line-height: normal;\"><span style=\"font-size: 10px;\">&nbsp;<\/span><\/div>\n","protected":false},"excerpt":{"rendered":"<p>Saznajte vi\u0161e&#8230; <span style=\"color:#777\"> . . . <\/p>\n","protected":false},"author":1,"featured_media":0,"comment_status":"open","ping_status":"open","sticky":false,"template":"","format":"standard","meta":{"footnotes":""},"categories":[388,387],"tags":[],"class_list":["post-3718","post","type-post","status-publish","format-standard","hentry","category-dr-tanja-nedimovic","category-projektivsv","odd"],"_links":{"self":[{"href":"https:\/\/www.uskolavrsac.edu.rs\/blog\/index.php?rest_route=\/wp\/v2\/posts\/3718","targetHints":{"allow":["GET"]}}],"collection":[{"href":"https:\/\/www.uskolavrsac.edu.rs\/blog\/index.php?rest_route=\/wp\/v2\/posts"}],"about":[{"href":"https:\/\/www.uskolavrsac.edu.rs\/blog\/index.php?rest_route=\/wp\/v2\/types\/post"}],"author":[{"embeddable":true,"href":"https:\/\/www.uskolavrsac.edu.rs\/blog\/index.php?rest_route=\/wp\/v2\/users\/1"}],"replies":[{"embeddable":true,"href":"https:\/\/www.uskolavrsac.edu.rs\/blog\/index.php?rest_route=%2Fwp%2Fv2%2Fcomments&post=3718"}],"version-history":[{"count":3,"href":"https:\/\/www.uskolavrsac.edu.rs\/blog\/index.php?rest_route=\/wp\/v2\/posts\/3718\/revisions"}],"predecessor-version":[{"id":3721,"href":"https:\/\/www.uskolavrsac.edu.rs\/blog\/index.php?rest_route=\/wp\/v2\/posts\/3718\/revisions\/3721"}],"wp:attachment":[{"href":"https:\/\/www.uskolavrsac.edu.rs\/blog\/index.php?rest_route=%2Fwp%2Fv2%2Fmedia&parent=3718"}],"wp:term":[{"taxonomy":"category","embeddable":true,"href":"https:\/\/www.uskolavrsac.edu.rs\/blog\/index.php?rest_route=%2Fwp%2Fv2%2Fcategories&post=3718"},{"taxonomy":"post_tag","embeddable":true,"href":"https:\/\/www.uskolavrsac.edu.rs\/blog\/index.php?rest_route=%2Fwp%2Fv2%2Ftags&post=3718"}],"curies":[{"name":"wp","href":"https:\/\/api.w.org\/{rel}","templated":true}]}}