{"id":637,"date":"2011-04-08T10:15:39","date_gmt":"2011-04-08T10:15:39","guid":{"rendered":"https:\/\/www.uskolavrsac.edu.rs\/blog\/?p=637"},"modified":"2011-04-08T10:23:23","modified_gmt":"2011-04-08T10:23:23","slug":"depresija-kod-dece","status":"publish","type":"post","link":"https:\/\/www.uskolavrsac.edu.rs\/blog\/?p=637","title":{"rendered":"Depresija kod dece"},"content":{"rendered":"<p><a href=\"https:\/\/www.uskolavrsac.edu.rs\/blog\/wp-content\/uploads\/2011\/04\/Depresija.png\"><img loading=\"lazy\" decoding=\"async\" class=\"size-full wp-image-639 aligncenter\" title=\"Depresija\" src=\"https:\/\/www.uskolavrsac.edu.rs\/blog\/wp-content\/uploads\/2011\/04\/Depresija.png\" alt=\"\" width=\"625\" height=\"364\" srcset=\"https:\/\/www.uskolavrsac.edu.rs\/blog\/wp-content\/uploads\/2011\/04\/Depresija.png 625w, https:\/\/www.uskolavrsac.edu.rs\/blog\/wp-content\/uploads\/2011\/04\/Depresija-300x174.png 300w, https:\/\/www.uskolavrsac.edu.rs\/blog\/wp-content\/uploads\/2011\/04\/Depresija-400x232.png 400w\" sizes=\"auto, (max-width: 625px) 100vw, 625px\" \/><\/a><\/p>\n<p style=\"text-align: justify;\">Karakteristike depresije kod dece<\/p>\n<p style=\"text-align: justify;\">Depresija nije bolest koja poga\u0111a samo odrasle. Pojava ove bolesti prisutna je i kod dece. Danas deca predstavljaju visokorizi\u010dnu grupu kada je u pitanju depresija, a posledice njihove depresije su veoma ozbiljne.<br \/>\nBrojka koja govori o tome koliki je broj dece koja boluju od depresije danas u svetu, gotovo da je ista kada je u pitanju broj odraslih osoba koji boluju od depresije. Devoj\u010dice su \u010de\u0161\u0107e depresivne nego de\u010daci. Ali u\u010destalost depresivnosti je dva puta ve\u0107a kod de\u010daka do 12. godine \u017eivota nego kod devoj\u010dica. Sa ulaskom u adolescenciju, situacija se menja i devojke \u010de\u0161\u0107e imaju problema s tim od svojih vr\u0161njaka.\u00a0<br \/>\nKlini\u010dka depresija, koja zahteva ozbiljan tretman, prisutna je kod tri do sedam odsto mladih u ukupnoj populaciji, a depresivne simptome ima 15 do 20 odsto adolescenata. Kod dece koja su bolovala od depresije do 12. godine, postoji visok rizik za nastanak iste bolesti u odraslom dobu. Oko 25 odsto dece i adolescenata sa klini\u010dkom depresijom bilo je \u017ertva zlostavljanja i zanemarivanja.<br \/>\nNajnovija svetska istra\u017eivanja prezentovana na kongresu de\u010djih psihijatara u Firenci pokazuju:<br \/>\n&#8211; 2,5 odsto dece do 8 godina ima depresiju, jednak broj devoj\u010dica i de\u010daka<br \/>\n&#8211; \u00a08,2 odsto adolescenata ima depresiju, duplo vi\u0161e devoj\u010dica.<br \/>\nDeca koja su sklona obolevanju od depresije ili je ve\u0107 imaju, poseduju negativnu mentalnu predstavu o sopstvenom telu i imaju nisko samopo\u0161tovanje. \u010cesto je prisutna anksioznost i, kako oni ka\u017eu, izgubljen smisao.<br \/>\nKod dece, depresija mo\u017ee da nanese ozbiljnu, pa \u010dak i nenadoknadivu \u0161tetu. U te posledice se ubrajaju:<br \/>\n&#8211; umanjenje sposobnosti za u\u010denje,<br \/>\n&#8211; ometanje obavljanja svakodnevnog posla i svakodnevnih funkcija,<br \/>\n&#8211; umanjivanje te\u017enje za sticanjem razli\u010ditih znanja,<br \/>\n&#8211; tendencija stvaranja dru\u0161tvene izolovanosti i dr.<br \/>\nDeci nezavisno od uzrasta a koja pate od depresije veoma te\u0161ko mogu pravilno da funkcioni\u0161u u \u0161koli i dru\u0161tvenom okru\u017eenju. Starija deca obi\u010dno izostaju iz \u0161kole. Depresija mo\u017ee da spre\u010di decu da uspe\u0161no zavr\u0161e \u0161kolovanje.\u00a0<\/p>\n<p style=\"text-align: justify;\">Simptomi depresije kod dece\u00a0<\/p>\n<p style=\"text-align: justify;\">Afektivni poreme\u0107aji u detinjstvu i mladosti nisu pominjani u ud\u017ebenicima de\u010dje psihijatrije sve do 1976. godine.\u00a0<br \/>\nKasno prepoznavanje ovog sindroma kod dece i adolescenata je posledica nekoliko faktora:\u00a0<br \/>\n&#8211; ideje da deca nemaju dovoljno zreo psihi\u010dki aparat da bi bila depresivna,<br \/>\n&#8211; prenagla\u0161avanja normalnih razvojnih procesa u detinjstvu i adolescenciji,<br \/>\n&#8211; koncepta da su psihopatolo\u0161ke manifestacije normativne, barem u adolescenciji.\u00a0\u00a0<\/p>\n<p style=\"text-align: justify;\"><span style=\"text-decoration: underline;\">LITERATURA:<\/span>\u00a0<\/p>\n<ol>\n<li style=\"text-align: justify;\"><a href=\"http:\/\/www.er.rs\/forum\/index.php?action=printpage;topic=1649.0\">http:\/\/www.er.rs\/forum\/index.php?action=printpage;topic=1649.0<\/a><\/li>\n<li style=\"text-align: justify;\"><a href=\"http:\/\/www.novosti.rs\/vesti\/naslovna\/aktuelno.69.html:187479-Od-depresije-pate-i-deca\">http:\/\/www.novosti.rs\/vesti\/naslovna\/aktuelno.69.html:187479-Od-depresije-pate-i-deca<\/a><\/li>\n<li style=\"text-align: justify;\"><a href=\"http:\/\/www.pregled.com\/zdravlje.php\/bilje_i_zdravlje\/nauka.php?id_nastavak=135&amp;tmpl=zdravlje_tmpl\">http:\/\/www.pregled.com\/zdravlje.php\/bilje_i_zdravlje\/nauka.php?id_nastavak=135&amp;tmpl=zdravlje_tmpl<\/a><\/li>\n<\/ol>\n","protected":false},"excerpt":{"rendered":"<p>Depresija nije bolest koja poga\u0111a samo odrasle. Pojava ove bolesti prisutna je i kod dece <span style=\"color:#777\"> . . . <\/p>\n","protected":false},"author":1,"featured_media":0,"comment_status":"open","ping_status":"open","sticky":false,"template":"","format":"standard","meta":{"footnotes":""},"categories":[23,21,26,5,3,50,4,6],"tags":[43,95],"class_list":["post-637","post","type-post","status-publish","format-standard","hentry","category-drtnedimovic","category-mentalnozdravlje","category-nekapitanja","category-predmeti","category-profesori","category-s-zivkovic","category-studenti","category-teme","tag-deca","tag-depresija","odd"],"_links":{"self":[{"href":"https:\/\/www.uskolavrsac.edu.rs\/blog\/index.php?rest_route=\/wp\/v2\/posts\/637","targetHints":{"allow":["GET"]}}],"collection":[{"href":"https:\/\/www.uskolavrsac.edu.rs\/blog\/index.php?rest_route=\/wp\/v2\/posts"}],"about":[{"href":"https:\/\/www.uskolavrsac.edu.rs\/blog\/index.php?rest_route=\/wp\/v2\/types\/post"}],"author":[{"embeddable":true,"href":"https:\/\/www.uskolavrsac.edu.rs\/blog\/index.php?rest_route=\/wp\/v2\/users\/1"}],"replies":[{"embeddable":true,"href":"https:\/\/www.uskolavrsac.edu.rs\/blog\/index.php?rest_route=%2Fwp%2Fv2%2Fcomments&post=637"}],"version-history":[{"count":4,"href":"https:\/\/www.uskolavrsac.edu.rs\/blog\/index.php?rest_route=\/wp\/v2\/posts\/637\/revisions"}],"predecessor-version":[{"id":640,"href":"https:\/\/www.uskolavrsac.edu.rs\/blog\/index.php?rest_route=\/wp\/v2\/posts\/637\/revisions\/640"}],"wp:attachment":[{"href":"https:\/\/www.uskolavrsac.edu.rs\/blog\/index.php?rest_route=%2Fwp%2Fv2%2Fmedia&parent=637"}],"wp:term":[{"taxonomy":"category","embeddable":true,"href":"https:\/\/www.uskolavrsac.edu.rs\/blog\/index.php?rest_route=%2Fwp%2Fv2%2Fcategories&post=637"},{"taxonomy":"post_tag","embeddable":true,"href":"https:\/\/www.uskolavrsac.edu.rs\/blog\/index.php?rest_route=%2Fwp%2Fv2%2Ftags&post=637"}],"curies":[{"name":"wp","href":"https:\/\/api.w.org\/{rel}","templated":true}]}}