{"id":652,"date":"2011-04-08T11:09:17","date_gmt":"2011-04-08T11:09:17","guid":{"rendered":"https:\/\/www.uskolavrsac.edu.rs\/blog\/?p=652"},"modified":"2011-04-08T11:10:44","modified_gmt":"2011-04-08T11:10:44","slug":"anoreksija-ii","status":"publish","type":"post","link":"https:\/\/www.uskolavrsac.edu.rs\/blog\/?p=652","title":{"rendered":"Anoreksija II"},"content":{"rendered":"<p>Poreme\u0107aj u ishrani naj\u010de\u0161ce nastaje kao posledica dr\u017eanja restriktivnih dijeta i to kod osoba koje su emocionalno i psihi\u010dki osetljive, odnosno onih koje rade na samouni\u0161tenju sopstvenog zdravlja, praktikuju\u0107i dr\u017eanje nepravilnih dijeta, uzimanjem neproverenih dijetetskih preparata i odre\u0111ivanjem sopstvene idealne te\u017eine koja je naj\u010de\u0161\u0107e ispod adekvatne.\u00a0<\/p>\n<h4><a href=\"https:\/\/www.uskolavrsac.edu.rs\/blog\/wp-content\/uploads\/2011\/04\/AAno2.png\"><img loading=\"lazy\" decoding=\"async\" class=\"alignleft size-full wp-image-653\" title=\"AAno2\" src=\"https:\/\/www.uskolavrsac.edu.rs\/blog\/wp-content\/uploads\/2011\/04\/AAno2.png\" alt=\"\" width=\"282\" height=\"351\" srcset=\"https:\/\/www.uskolavrsac.edu.rs\/blog\/wp-content\/uploads\/2011\/04\/AAno2.png 282w, https:\/\/www.uskolavrsac.edu.rs\/blog\/wp-content\/uploads\/2011\/04\/AAno2-241x300.png 241w\" sizes=\"auto, (max-width: 282px) 100vw, 282px\" \/><\/a>Poreme\u0107aj u ishrani je \u0161irok pojam koji obuhvata stanje od kompulzivnog prejedanja do anoreksije<\/h4>\n<p>Intenzitet anoreksije je razli\u010dit &#8211; od neradog (mrljavog) uzimanja hrane do prave fobije od hrane. Zavisno od uzrasta na kome se javlja razlikujemo anoreksiju novoro\u0111en\u010deta, anoreksiju malog deteta i anoreksiju adolescentnog doba.<br \/>\n<em>Povremena anoreksija<\/em> kod dece u periodu intenzivnog emotivnog razvoja u 2. i 3. godini \u017eivota je \u010desta pojava, mo\u017ee se javiti i pri polasku u \u0161kolu, u preteranom fizi\u010dkom zamoru u igri i sl.<br \/>\n<em>Prava anoreksija<\/em> podrazumeva da dete objektivno ne unosi dovoljnu koli\u010dinu hrane. Prava anoreksija prati gotovo sva akutna i ve\u0107inu hroni\u010dnih oboljenja digestivnog trakta. Naj\u010de\u0161\u0107i vandigestivni uzroci anoreksije su sistemske bolesti.<br \/>\n<em>Selektivna anoreksija<\/em> podrazumeva da dete unosi relativno dovoljno hrane ali samo onu koju voli ili na koju je naviknuto.<br \/>\n<em>Prividna anoreksija<\/em> zna\u010di da dete uzima dovoljno hrane, ali okolina (majka) to procenjuje kao nedovoljno.<br \/>\n<em>La\u017ena anoreksija<\/em> se javlja u slu\u010dajevima kada dete ima normalnu \u017eelju za hranom ali ne mo\u017ee da unese dovoljne koli\u010dine zbog izvesnih kongenitalnih anomalija.<br \/>\n<em>Psihogena anoreksija<\/em> odoj\u010deta i malog deteta uzrokovana je psihi\u010dkim faktorima. Obi\u010dno je izraz poreme\u0107enih odnosa u odnosu majka-dete. Majka mo\u017ee biti neiskusna, napeta ili prosto nezainteresovana te nije u stanju da prepozna potrebe svoga deteta i da odgovori na njih. U situacijama kada hrani dete majka je nestrpljiva, nesigurna ili agresivna, \u0161to prenosi na dete, pa ono reaguje sli\u010dnim ali sebi svojstvenim simptomima &#8211; aktivnim ili pasivnim odbijanjem hrane. Ukoliko, pak, name\u0107e krut re\u017eim uzimanja hrane ili manirirano pona\u0161anje tokom obroka, mo\u017ee kod deteta stvoriti otpor, a da pri tome uistinu i ne postoje smetnje apetita. U po\u010detku psihogene anoreksije nisu prisutni digestivni poreme\u0107aji, ali ova anoreksija neminovno vodi, pored ostalih promena, u multifaktorijalnu malnutriciju te zahteva stru\u010dni tretman. U ovakvim slu\u010dajevima klju\u010dno je raditi na pobolj\u0161anju odnosa dete-okolina.<br \/>\n<em>Anoreksija nervoza<\/em> je poreme\u0107aj ishrane koji se karakteri\u0161e namernim gubitkom te\u017eine. Javlja se kod emocionalno labilnih devojaka (mada je zapa\u017een i kod mladi\u0107a). Mo\u017ee se javiti i odr\u017eavati u svim uzrastima, ali je tipi\u010dno da se javlja u pubertetu (80 % svih slu\u010dajeva po\u010dne u uzrastu od 13 do 20 godina).<br \/>\nOsnovni psihopatolo\u0161ki simptom je strah od debljine i poreme\u0107aj u percepciji oblika i veli\u010dine svog tela. Taj strah je toliko jak da pro\u017eima celokupno psihi\u010dko stanje i ne mo\u017ee se ubla\u017eiti stvarnim gubitkom na te\u017eini. Opsednutost strahom od debljanja je takva da se bolesnice boje svake hrane, koju do\u017eivljavaju lo\u0161om i opasnom.\u00a0\u00a0\u00a0\u00a0\u00a0<\/p>\n<p><em><a href=\"https:\/\/www.uskolavrsac.edu.rs\/blog\/wp-content\/uploads\/2011\/04\/AAno1.png\"><img loading=\"lazy\" decoding=\"async\" class=\"aligncenter size-full wp-image-654\" title=\"AAno1\" src=\"https:\/\/www.uskolavrsac.edu.rs\/blog\/wp-content\/uploads\/2011\/04\/AAno1.png\" alt=\"\" width=\"663\" height=\"445\" srcset=\"https:\/\/www.uskolavrsac.edu.rs\/blog\/wp-content\/uploads\/2011\/04\/AAno1.png 663w, https:\/\/www.uskolavrsac.edu.rs\/blog\/wp-content\/uploads\/2011\/04\/AAno1-300x201.png 300w, https:\/\/www.uskolavrsac.edu.rs\/blog\/wp-content\/uploads\/2011\/04\/AAno1-400x268.png 400w\" sizes=\"auto, (max-width: 663px) 100vw, 663px\" \/><\/a>Skoro 80-90% dece u pred\u0161kolskom uzrastu je svesno lo\u0161ih posledica gojaznosti po zdravlje i idealizuje mr\u0161avost, a 50% ovih devoj<\/em><em>\u010d<\/em><em>ica poku\u0161ava da dr<\/em><em>\u017e<\/em><em>i dijete radi kontrole telesne te<\/em><em>\u017e<\/em><em>ine!!!<\/em><em>\u00a0<\/em><\/p>\n<h4>Uzrok nastanka<\/h4>\n<p>U nastajanju anoreksije u\u010destvuje vi\u0161e etiolo\u0161kih faktora, od biolo\u0161kih, psiholo\u0161kih, socijalnih i kulturnih. Pri tome je jo\u0161 uvijek tajna za\u0161to se, kada se steknu svi uslovi, kod nekih osoba razvije anoreksija, a kod drugih ne. \u010cini se da su presudni faktori oni, koji odre\u0111uju li\u010dnost. Pod pove\u0107anim rizikom od razvoja ove bolesti su osobe koje su do\u017eivele te\u017eu traumu ili emocionalni stres za vreme puberteta ili prepuberteta; koje su bile izlo\u017eene seksualnom zlostavljanju; koje su pod pritiskom okoline koja previ\u0161e isti\u010de va\u017enost vitke linije i telesnog izgleda kao jedinu vrednost savremene \u017eene. Zahtevi savremene mode upravljeni su prema nezdravo mr\u0161avom idealu lepote, a &#8222;\u017eenski&#8220; \u010dasopisi su prepuni razli\u010ditih recepata i dijeta za \u0161to vitkiju liniju. Pod rizikom su i osobe koje u\u010destvuju u sportovima ili profesijama koje nagla\u0161avaju vitku liniju (ples, balet, gimnastika, klizanje na ledu, manekenstvo..)<\/p>\n<p><strong><em>Uticaj porodice<\/em><\/strong><\/p>\n<p>Anoreksija se naj\u010de\u0161\u0107e javlja kod dece koja su ili preza\u0161ti\u0107ena ili pak zapostavljena, kao i kod dece koja nisu u mogu\u0107nosti da ispolje svoja ose\u0107anja i strahove vezane za porodi\u010dne probleme. Deca na ovaj na\u010din skre\u0107u pa\u017enju na sebe, stvaraju sebi mogu\u0107nost da odlu\u010duju bar o ne\u010demu i tako smanjuju sebi ose\u0107aj beskorisnosti.\u00a0\u00a0<\/p>\n<h4>Le\u010denje<\/h4>\n<p>Le\u010denje anoreksije nervoze spada u visoko specijalisti\u010dki domen, a naj\u010de\u0161\u0107e se sprovodi u bolni\u010dkim uslovima. Le\u010denje obuhvata kombinaciju terapijskih pristupa (koji se primenjuju nakon dobre procene i laboratorijskih ispitivanja) koji uklju\u010duju: individualnu psihoterapiju, kognitivno-bihejvioralni pristup, porodi\u010dnu terapiju i medikamente (naj\u010de\u0161\u0107e antidepresive).<\/p>\n<p><span style=\"text-decoration: underline;\">LITERATURA:<\/span><\/p>\n<ol>\n<li><a href=\"http:\/\/www.anoreksija.rs\/\">http:\/\/www.anoreksija.rs\/<\/a><\/li>\n<li><a href=\"http:\/\/www.medrezon.com\/anoreksija_bulimija.html\">http:\/\/www.medrezon.com\/anoreksija_bulimija.html<\/a><\/li>\n<li><a href=\"http:\/\/www.mingl.org\/osvrt\/2010\/09\/22\/anoreksija-izgladnjivanje-do-koske.html\">http:\/\/www.mingl.org\/osvrt\/2010\/09\/22\/anoreksija-izgladnjivanje-do-koske.html<\/a><\/li>\n<li><a href=\"http:\/\/www.stetoskop.info\/Poremecaji-u-ishrani-1805-s5-content.htm\">http:\/\/www.stetoskop.info\/Poremecaji-u-ishrani-1805-s5-content.htm<\/a><\/li>\n<li><a href=\"http:\/\/www.dijetetika.com\/index.php?option=com_content&amp;view=article&amp;id=47&amp;Itemid=57\">http:\/\/www.dijetetika.com\/index.php?option=com_content&amp;view=article&amp;id=47&amp;Itemid=57<\/a><\/li>\n<\/ol>\n","protected":false},"excerpt":{"rendered":"<p>Poreme\u0107aj u ishrani naj\u010de\u0161ce nastaje kao posledica dr\u017eanja restriktivnih dijeta i to kod osoba koje su emocionalno i psihi\u010dki osetljive <span style=\"color:#777\"> . . . <\/p>\n","protected":false},"author":1,"featured_media":0,"comment_status":"open","ping_status":"open","sticky":false,"template":"","format":"standard","meta":{"footnotes":""},"categories":[23,21,26,5,3,50,4,6],"tags":[111,43,57],"class_list":["post-652","post","type-post","status-publish","format-standard","hentry","category-drtnedimovic","category-mentalnozdravlje","category-nekapitanja","category-predmeti","category-profesori","category-s-zivkovic","category-studenti","category-teme","tag-anoreksija","tag-deca","tag-poremecaj","odd"],"_links":{"self":[{"href":"https:\/\/www.uskolavrsac.edu.rs\/blog\/index.php?rest_route=\/wp\/v2\/posts\/652","targetHints":{"allow":["GET"]}}],"collection":[{"href":"https:\/\/www.uskolavrsac.edu.rs\/blog\/index.php?rest_route=\/wp\/v2\/posts"}],"about":[{"href":"https:\/\/www.uskolavrsac.edu.rs\/blog\/index.php?rest_route=\/wp\/v2\/types\/post"}],"author":[{"embeddable":true,"href":"https:\/\/www.uskolavrsac.edu.rs\/blog\/index.php?rest_route=\/wp\/v2\/users\/1"}],"replies":[{"embeddable":true,"href":"https:\/\/www.uskolavrsac.edu.rs\/blog\/index.php?rest_route=%2Fwp%2Fv2%2Fcomments&post=652"}],"version-history":[{"count":4,"href":"https:\/\/www.uskolavrsac.edu.rs\/blog\/index.php?rest_route=\/wp\/v2\/posts\/652\/revisions"}],"predecessor-version":[{"id":658,"href":"https:\/\/www.uskolavrsac.edu.rs\/blog\/index.php?rest_route=\/wp\/v2\/posts\/652\/revisions\/658"}],"wp:attachment":[{"href":"https:\/\/www.uskolavrsac.edu.rs\/blog\/index.php?rest_route=%2Fwp%2Fv2%2Fmedia&parent=652"}],"wp:term":[{"taxonomy":"category","embeddable":true,"href":"https:\/\/www.uskolavrsac.edu.rs\/blog\/index.php?rest_route=%2Fwp%2Fv2%2Fcategories&post=652"},{"taxonomy":"post_tag","embeddable":true,"href":"https:\/\/www.uskolavrsac.edu.rs\/blog\/index.php?rest_route=%2Fwp%2Fv2%2Ftags&post=652"}],"curies":[{"name":"wp","href":"https:\/\/api.w.org\/{rel}","templated":true}]}}