{"id":694,"date":"2011-04-10T18:43:54","date_gmt":"2011-04-10T18:43:54","guid":{"rendered":"https:\/\/www.uskolavrsac.edu.rs\/blog\/?p=694"},"modified":"2011-04-10T18:43:54","modified_gmt":"2011-04-10T18:43:54","slug":"znacaj-decijih-crteza-2","status":"publish","type":"post","link":"https:\/\/www.uskolavrsac.edu.rs\/blog\/?p=694","title":{"rendered":"Zna\u010daj de\u010dijih crte\u017ea"},"content":{"rendered":"<h2><span style=\"font-family: Times New Roman,serif;\"><span style=\"font-size: 16px; color: #800000;\">Crte\u017ei porodice<\/span><\/span><\/h2>\n<p><span style=\"font-family: Times New Roman,serif;\"><span style=\"font-size: small;\"><a href=\"https:\/\/www.uskolavrsac.edu.rs\/blog\/wp-content\/uploads\/2011\/04\/znacaj-decjih-crteza-1.jpg\"><img loading=\"lazy\" decoding=\"async\" class=\"aligncenter size-full wp-image-695\" src=\"https:\/\/www.uskolavrsac.edu.rs\/blog\/wp-content\/uploads\/2011\/04\/znacaj-decjih-crteza-1.jpg\" alt=\"\" width=\"166\" height=\"166\" srcset=\"https:\/\/www.uskolavrsac.edu.rs\/blog\/wp-content\/uploads\/2011\/04\/znacaj-decjih-crteza-1.jpg 225w, https:\/\/www.uskolavrsac.edu.rs\/blog\/wp-content\/uploads\/2011\/04\/znacaj-decjih-crteza-1-150x150.jpg 150w\" sizes=\"auto, (max-width: 166px) 100vw, 166px\" \/><\/a><\/span><\/span><\/p>\n<p><span style=\"font-size: medium;\"><span style=\"font-family: Times New Roman,serif;\">Vrlo korisna je ve\u017eba tra\u017eiti od dece da nacrtaju svoju porodicu, kao simbole ili \u017eivotinje.<\/span><\/span><\/p>\n<p><span style=\"font-size: medium;\"><span style=\"font-family: Times New Roman,serif;\">,,Ako bi nacrtao\/la na <\/span><span style=\"font-family: Times New Roman,serif;\">par\u010detu<\/span><span style=\"font-family: Times New Roman,serif;\"> papira ne\u0161to na \u0161ta te <\/span><span style=\"font-family: Times New Roman,serif;\">podse\u0107a<\/span><span style=\"font-family: Times New Roman,serif;\"> tvoja porodica, a ne kao realne osobe \u0161ta bi to bili? \u201c <\/span><\/span><\/p>\n<p><span style=\"font-size: medium;\"><span style=\"font-family: Times New Roman,serif;\">*\/mo\u017ees da koristi\u0161 grudvice, boje, oblike, \u017eivotinje, predmete, stvari ili bilo \u0161ta \u0161to ti padne na pamet\/*<\/span><\/span><\/p>\n<p><span style=\"font-size: medium;\"><span style=\"font-family: Times New Roman,serif;\"><strong>Jedan <\/strong><\/span><span style=\"font-family: Times New Roman,serif;\"><strong>de\u010dak<\/strong><\/span><span style=\"font-family: Times New Roman,serif;\"><strong>, star 11 godina<\/strong><\/span><span style=\"font-family: Times New Roman,serif;\"> nacrtao je <\/span><span style=\"font-family: Times New Roman,serif;\">razli\u010dite<\/span><span style=\"font-family: Times New Roman,serif;\"> simbole, koji su <\/span><span style=\"font-family: Times New Roman,serif;\">predstavljali<\/span><span style=\"font-family: Times New Roman,serif;\"> njegovu porodicu. Rekao je: ,,Ja sam u kavezu, <\/span><span style=\"font-family: Times New Roman,serif;\">uhva\u0107en<\/span><span style=\"font-family: Times New Roman,serif;\">, u sredini (to je predstavio kao zelenu morsku zvezdu u <\/span><span style=\"font-family: Times New Roman,serif;\">ne\u010demu<\/span><span style=\"font-family: Times New Roman,serif;\"> sto <\/span><span style=\"font-family: Times New Roman,serif;\">li\u010di<\/span><span style=\"font-family: Times New Roman,serif;\"> na kutiju). Moj brat, misli da je glavni (njega je predstavio kao veliki purpurni krug sa brojem 1 u sredini). Moja sestra \u2013 misli da je velika &#8211; ona pravi budalu od svakoga, samo ne od mene (plavi krug sa crvenim srcem u sredini i kracima svuda okolo). Mama je draga (cvet). Tatu sam napravio kao mozak jer on misli da sve zna. Moja sestra Dona je dobra: ona mi ne govori ru\u017ene re\u010di (plavi i roze leptir)\u201d.<\/span><\/span><\/p>\n<p><span style=\"font-size: medium;\"><span style=\"font-family: Times New Roman,serif;\"><strong>Petnestogodi\u0161nja <\/strong><\/span><span style=\"font-family: Times New Roman,serif;\"><strong>devoj\u010dica<\/strong><\/span><span style=\"font-family: Times New Roman,serif;\"> je o svom crte\u017eu rekla: ,,Ja sam bli\u017ea svojoj mami (predstavila je kao crveno srce, probodeno strelom), mislim da mene najvi\u0161e voli, sve mi popu\u0161ta. Moja sestra je bombona i guma (\u017evaka), ona suvi\u0161e jede. Moj otac je <\/span><span style=\"font-family: Times New Roman,serif;\">svetle\u0107a<\/span><span style=\"font-family: Times New Roman,serif;\"> loptica \u2013 on je pun ideja. Ja sam talas, jer volim da plivam\u201d.<\/span><\/span><\/p>\n<p><span style=\"font-family: Times New Roman,serif;\"><span style=\"font-size: medium;\"><strong>Trinestogodi\u0161nja <\/strong><\/span><\/span><span style=\"font-family: Times New Roman,serif;\"><span style=\"font-size: medium;\"><strong>devoj\u010dica<\/strong><\/span><\/span><span style=\"font-family: Times New Roman,serif;\"><span style=\"font-size: medium;\"><strong> <\/strong><\/span><\/span><span style=\"font-family: Times New Roman,serif;\"><span style=\"font-size: medium;\">nije koristila ni\u0161ta drugo od krugova, <\/span><\/span><span style=\"font-family: Times New Roman,serif;\"><span style=\"font-size: medium;\">ta\u010daka<\/span><\/span><span style=\"font-family: Times New Roman,serif;\"><span style=\"font-size: medium;\">, zvezdica i trouglova za svoju porodicu. Rekla je: ,,Moj tata je narand\u017easti trougao. Ja sam mu najbli\u017ea iako on ne \u017eivi sa nama. Volim da budem sa njim. On je najbolji jer on ne \u017eivi sa mamom. Mnogo se sva\u0111am sa sestrom i mamom, moja idealna porodica je ovaj cvet ovde. Ja sam narand\u017easta <\/span><\/span><span style=\"font-family: Times New Roman,serif;\"><span style=\"font-size: medium;\">ta\u010dka<\/span><\/span><span style=\"font-family: Times New Roman,serif;\"><span style=\"font-size: medium;\"> u sredini.<\/span><\/span><\/p>\n<p><span style=\"font-family: Times New Roman,serif;\"><span style=\"font-size: small;\"><a href=\"https:\/\/www.uskolavrsac.edu.rs\/blog\/wp-content\/uploads\/2011\/04\/znacaj-decjih-crteza-2.jpg\"><img loading=\"lazy\" decoding=\"async\" class=\"aligncenter size-full wp-image-696\" src=\"https:\/\/www.uskolavrsac.edu.rs\/blog\/wp-content\/uploads\/2011\/04\/znacaj-decjih-crteza-2.jpg\" alt=\"\" width=\"270\" height=\"187\" \/><\/a><\/span><\/span><\/p>\n<h3><span style=\"font-size: medium;\"><span style=\"font-family: Times New Roman,serif;\">Mla\u0111a dece ispod 8 godina,<\/span><span style=\"font-family: Times New Roman,serif;\">obi\u010dno<\/span><span style=\"font-family: Times New Roman,serif;\"> vi\u0161e vole da crtaju realne ljude kada predstavljaju svoje porodice.<\/span><\/span><\/h3>\n<p><span style=\"font-size: medium;\"><span style=\"font-family: Times New Roman,serif;\">Sedmogodi\u0161nja <\/span><span style=\"font-family: Times New Roman,serif;\">devoj\u010dica<\/span><span style=\"font-family: Times New Roman,serif;\"> je, na zahtev da nacrta porodicu, stalno radila ,,pogre\u0161nu stvar\u201d. Nacrtala je majku vi\u0161u nego oca i to komentarisala kao ,,pogre\u0161no\u201d. ,,O napravila sam gre\u0161ku, mama je manja nego tata\u201d. Onda je pisala imena iznad nacrtanih figura i <\/span><span style=\"font-family: Times New Roman,serif;\">po\u010dela<\/span><span style=\"font-family: Times New Roman,serif;\"> ,,mama\u201d tamo gde je nacrtala tatu. Precrtala je to i rekla: ,,O, tata\u201d. Najpre je nacrtala tatu sa obe ruke iza le\u0111a, zatim je promenila i nacrtala jednu <\/span><span style=\"font-family: Times New Roman,serif;\">o\u010devu<\/span><span style=\"font-family: Times New Roman,serif;\"> ruku, tako da ona pose\u017ee za <\/span><span style=\"font-family: Times New Roman,serif;\">maj\u010dinom<\/span><span style=\"font-family: Times New Roman,serif;\"> i dodala: ,,Tako bi trebalo da bude\u201d.<\/span><\/span><\/p>\n<p><span style=\"font-size: medium;\"><span style=\"font-family: Times New Roman,serif;\">Devoj\u010dica<\/span><span style=\"font-family: Times New Roman,serif;\"> ovakvim crte\u017eom otkriva da su joj roditelji razvedeni i da se nalazi ,,izme\u0111u dve vatre\u201d.<\/span><\/span><\/p>\n<p><span style=\"font-family: Times New Roman,serif;\"><span style=\"font-size: small;\"><a href=\"https:\/\/www.uskolavrsac.edu.rs\/blog\/wp-content\/uploads\/2011\/04\/znacaj-decjih-crteza-3.jpg\"><img loading=\"lazy\" decoding=\"async\" class=\"aligncenter size-full wp-image-697\" src=\"https:\/\/www.uskolavrsac.edu.rs\/blog\/wp-content\/uploads\/2011\/04\/znacaj-decjih-crteza-3.jpg\" alt=\"\" width=\"229\" height=\"170\" \/><\/a><\/span><\/span><\/p>\n<p><span style=\"font-size: medium;\"><span style=\"font-family: Times New Roman,serif;\">Zanimljivo je da neka deca crtaju vrlo oskudne crte\u017ee i to pokazuje <\/span><span style=\"font-family: Times New Roman,serif;\">na\u010din<\/span><span style=\"font-family: Times New Roman,serif;\"> na koji <\/span><span style=\"font-family: Times New Roman,serif;\">ose\u0107aju<\/span><span style=\"font-family: Times New Roman,serif;\"> sebe i svoj \u017eivot. Ali sasvim je izvesno da se mnogo mo\u017ee saznati o detetu i njegovom \u017eivotu, problemima, stavovima na taj <\/span><span style=\"font-family: Times New Roman,serif;\">na\u010din<\/span><span style=\"font-family: Times New Roman,serif;\">.<\/span><\/span><\/p>\n<p><span style=\"font-size: medium;\"><span style=\"font-family: Times New Roman,serif;\">Naravno ovaj zadatak postaje mnogo <\/span><span style=\"font-family: Times New Roman,serif;\">zna\u010dajniji<\/span><span style=\"font-family: Times New Roman,serif;\"> ako ga koristimo da bismo radili sa detetom.<\/span><\/span><\/p>\n<p><span style=\"font-family: Times New Roman,serif;\"><span style=\"font-size: small;\"><a href=\"https:\/\/www.uskolavrsac.edu.rs\/blog\/wp-content\/uploads\/2011\/04\/znacaj-decjih-crteza-4.jpg\"><img loading=\"lazy\" decoding=\"async\" class=\"aligncenter size-full wp-image-698\" src=\"https:\/\/www.uskolavrsac.edu.rs\/blog\/wp-content\/uploads\/2011\/04\/znacaj-decjih-crteza-4.jpg\" alt=\"\" width=\"230\" height=\"173\" \/><\/a><\/span><\/span><\/p>\n<p lang=\"sh-YU\"><span style=\"font-family: Times New Roman,serif;\"><span style=\"font-size: medium;\">LITERATURA:<\/span><\/span><\/p>\n<p><span style=\"color: #000000;\"><span style=\"font-family: Times New Roman,serif;\"><span style=\"font-size: medium;\">Ouklender, V. (1978) : <\/span><\/span><\/span><span style=\"color: #000000;\"><span style=\"font-family: Times New Roman,serif;\"><span style=\"font-size: medium;\"><em>Prozori u svet na\u0161e dece. <\/em><\/span><\/span><\/span><span style=\"color: #000000;\"><span style=\"font-family: Times New Roman,serif;\"><span style=\"font-size: medium;\">Neolit, Beograd<\/span><\/span><\/span><\/p>\n","protected":false},"excerpt":{"rendered":"<p>Vrlo korisna je ve\u017eba tra\u017eiti od dece da nacrtaju svoju porodicu, kao simbole ili \u017eivotinje&#8230; Jedan de\u010dak, star 11 godina nacrtao je razli\u010dite simbole, koji su predstavljali njegovu porodicu. Rekao je: ,,Ja sam u kavezu, uhva\u0107en, u sredini (to je predstavio kao zelenu morsku zvezdu u ne\u010demu sto li\u010di na kutiju)&#8230; <span style=\"color:#777\"> . . . <\/p>\n","protected":false},"author":23,"featured_media":0,"comment_status":"open","ping_status":"open","sticky":false,"template":"","format":"standard","meta":{"footnotes":""},"categories":[23,21,26,5,3,4,113,6],"tags":[116,43,24],"class_list":["post-694","post","type-post","status-publish","format-standard","hentry","category-drtnedimovic","category-mentalnozdravlje","category-nekapitanja","category-predmeti","category-profesori","category-studenti","category-tlalovic","category-teme","tag-crtezi","tag-deca","tag-mentalno-zdravlje","odd"],"_links":{"self":[{"href":"https:\/\/www.uskolavrsac.edu.rs\/blog\/index.php?rest_route=\/wp\/v2\/posts\/694","targetHints":{"allow":["GET"]}}],"collection":[{"href":"https:\/\/www.uskolavrsac.edu.rs\/blog\/index.php?rest_route=\/wp\/v2\/posts"}],"about":[{"href":"https:\/\/www.uskolavrsac.edu.rs\/blog\/index.php?rest_route=\/wp\/v2\/types\/post"}],"author":[{"embeddable":true,"href":"https:\/\/www.uskolavrsac.edu.rs\/blog\/index.php?rest_route=\/wp\/v2\/users\/23"}],"replies":[{"embeddable":true,"href":"https:\/\/www.uskolavrsac.edu.rs\/blog\/index.php?rest_route=%2Fwp%2Fv2%2Fcomments&post=694"}],"version-history":[{"count":18,"href":"https:\/\/www.uskolavrsac.edu.rs\/blog\/index.php?rest_route=\/wp\/v2\/posts\/694\/revisions"}],"predecessor-version":[{"id":750,"href":"https:\/\/www.uskolavrsac.edu.rs\/blog\/index.php?rest_route=\/wp\/v2\/posts\/694\/revisions\/750"}],"wp:attachment":[{"href":"https:\/\/www.uskolavrsac.edu.rs\/blog\/index.php?rest_route=%2Fwp%2Fv2%2Fmedia&parent=694"}],"wp:term":[{"taxonomy":"category","embeddable":true,"href":"https:\/\/www.uskolavrsac.edu.rs\/blog\/index.php?rest_route=%2Fwp%2Fv2%2Fcategories&post=694"},{"taxonomy":"post_tag","embeddable":true,"href":"https:\/\/www.uskolavrsac.edu.rs\/blog\/index.php?rest_route=%2Fwp%2Fv2%2Ftags&post=694"}],"curies":[{"name":"wp","href":"https:\/\/api.w.org\/{rel}","templated":true}]}}